{"id":3173,"__str__":"Decreto Legislativo n\u00ba 1 de 2019","link_detail_backend":"/materia/3173","metadata":{},"numero":1,"ano":2019,"numero_protocolo":null,"data_apresentacao":"2019-03-26","tipo_apresentacao":"E","data_publicacao":null,"numero_origem_externa":"","ano_origem_externa":null,"data_origem_externa":null,"apelido":"","dias_prazo":null,"data_fim_prazo":null,"em_tramitacao":false,"polemica":null,"objeto":"","complementar":null,"ementa":"Decreto Legislativo n\u00ba 01/2019 - D\u00e1 denomina\u00e7\u00e3o de Adair Alves a Rua a direita da Rua Manoel Nilo Magalh\u00e3es entrada da Carvoeira nesta cidade.","indexacao":"","observacao":"","resultado":"","texto_original":"http://sapl.saojeronimo.rs.leg.br/media/sapl/public/materialegislativa/2019/3173/documento_12.pdf","data_ultima_atualizacao":"2019-06-13T14:58:05.832826-03:00","ip":"189.72.38.21","ultima_edicao":null,"tipo":28,"regime_tramitacao":1,"tipo_origem_externa":null,"local_origem_externa":null,"user":17,"anexadas":[],"autores":[1]}