{"id":3344,"__str__":"XXXXX n\u00ba 223 de 2019","link_detail_backend":"/materia/3344","metadata":{},"numero":223,"ano":2019,"numero_protocolo":226,"data_apresentacao":"2019-09-02","tipo_apresentacao":"","data_publicacao":null,"numero_origem_externa":"","ano_origem_externa":null,"data_origem_externa":null,"apelido":"","dias_prazo":null,"data_fim_prazo":null,"em_tramitacao":true,"polemica":null,"objeto":"","complementar":null,"ementa":"O Vereador que esta subscreve, requer ap\u00f3s ouvido Plen\u00e1rio, solicitar ao Executivo atrav\u00e9s da Secretaria de Obras melhorias na ilumina\u00e7\u00e3o P\u00fablica na rua Jacinto Pereira Lago, rua lateral da Escola Dr.Jos\u00e9 Athan\u00e1sio(Polivalente), onde encontra-se apenas um poste de luz, tornando-se uma rua perigosa para os moradores do entorno e tamb\u00e9m para os alunos, professores e funcion\u00e1rios da escola no turno da noite.","indexacao":"","observacao":"","resultado":"","texto_original":"http://sapl.saojeronimo.rs.leg.br/media/sapl/public/materialegislativa/2019/3344/proposicao_02092019.odt","data_ultima_atualizacao":"2019-09-02T15:36:12.583489-03:00","ip":"","ultima_edicao":null,"tipo":14,"regime_tramitacao":1,"tipo_origem_externa":null,"local_origem_externa":null,"user":null,"anexadas":[],"autores":[9]}