{"id":3778,"__str__":"XXXXX n\u00ba 98 de 2020","link_detail_backend":"/materia/3778","metadata":{},"numero":98,"ano":2020,"numero_protocolo":111,"data_apresentacao":"2020-08-10","tipo_apresentacao":"","data_publicacao":null,"numero_origem_externa":"","ano_origem_externa":null,"data_origem_externa":null,"apelido":"","dias_prazo":null,"data_fim_prazo":null,"em_tramitacao":true,"polemica":null,"objeto":"","complementar":null,"ementa":"Os  Vereadores que esta subscrevem, requerem  ap\u00f3s ouvido Plen\u00e1rio, que a Mesa Diretora envie Mo\u00e7\u00e3o de Apoio para o Governador do Estado, com o seguinte teor:\r\n\r\n\r\n Mo\u00e7\u00e3o de Apoio \u00e0 reivindica\u00e7\u00e3o dos(as) mais de 27 mil trabalhadores(as) da rede estadual de educa\u00e7\u00e3o cujos pontos foram cortados em raz\u00e3o da greve protagonizada pela categoria. Os(as) profissionais pleiteiam a revers\u00e3o da medida imposta pelo governo do estado amparados(as) as raz\u00f5es abaixo coadunadas:","indexacao":"","observacao":"","resultado":"","texto_original":"http://sapl.saojeronimo.rs.leg.br/media/sapl/public/materialegislativa/2020/3778/prop._10.8.20_-_mocao_pico.odt","data_ultima_atualizacao":"2020-08-10T15:33:25.888620-03:00","ip":"","ultima_edicao":null,"tipo":14,"regime_tramitacao":1,"tipo_origem_externa":null,"local_origem_externa":null,"user":null,"anexadas":[],"autores":[8]}