{"id":3820,"__str__":"XXXXX n\u00ba 126 de 2020","link_detail_backend":"/materia/3820","metadata":{},"numero":126,"ano":2020,"numero_protocolo":139,"data_apresentacao":"2020-09-14","tipo_apresentacao":"","data_publicacao":null,"numero_origem_externa":"","ano_origem_externa":null,"data_origem_externa":null,"apelido":"","dias_prazo":null,"data_fim_prazo":null,"em_tramitacao":true,"polemica":false,"objeto":"","complementar":false,"ementa":"Os Vereadores que esta subscrevem, requerem ap\u00f3s ouvido Plen\u00e1rio, solicitar ao Poder Legislativo, que o Trof\u00e9u C\u00e2mara de Vereadores seja concedido aos seguintes homenageados:\r\n\u2022 Bancada do PTB: Noremia Maria Maculan  \r\n\u2022 Bancada do PDT: Evandro Malmann Viana\r\n\u2022 Bancada do PSDB: Padre Alexandre Longhi de Freitas\r\n\u2022 Bancada do PP: Rita Adriane Vargas de Freitas Dorneles\r\n                                                            Justificativa Ora ou escrita:\r\n         S\u00e3o Jer\u00f4nimo, 14 de setembro de 2020.","indexacao":"","observacao":"","resultado":"","texto_original":"http://sapl.saojeronimo.rs.leg.br/media/sapl/public/materialegislativa/2020/3820/proposicao_trofeu_camara_2020.odt","data_ultima_atualizacao":"2020-09-14T15:18:53.881052-03:00","ip":"","ultima_edicao":null,"tipo":14,"regime_tramitacao":1,"tipo_origem_externa":null,"local_origem_externa":null,"user":null,"anexadas":[],"autores":[7]}