{"id":3849,"__str__":"XXXXX n\u00ba 151 de 2020","link_detail_backend":"/materia/3849","metadata":{},"numero":151,"ano":2020,"numero_protocolo":164,"data_apresentacao":"2020-10-13","tipo_apresentacao":"","data_publicacao":null,"numero_origem_externa":"","ano_origem_externa":null,"data_origem_externa":null,"apelido":"","dias_prazo":null,"data_fim_prazo":null,"em_tramitacao":true,"polemica":false,"objeto":"","complementar":false,"ementa":"O Vereador que esta subscreve, requer ap\u00f3s ouvido Plen\u00e1rio, solicitar  ao Secret\u00e1rio de Seguran\u00e7a P\u00fablica, Ranolfo Vieira J\u00fanior, que a Secretaria de Seguran\u00e7a P\u00fablica do Rio Grande do Sul (SSP/RS), crie uma delegacia do Idoso Regional, para que sempre que houver interesse relativamente aos direitos e ao bem-estar do idoso, as entidades p\u00fablicas e privadas tenham acesso \u00e0 delegacia mais pr\u00f3xima, objetivando a melhorar a qualidade de vida e presta\u00e7\u00f5es de servi\u00e7os a popula\u00e7\u00e3o maior de sessenta anos.","indexacao":"","observacao":"","resultado":"","texto_original":"http://sapl.saojeronimo.rs.leg.br/media/sapl/public/materialegislativa/2020/3849/proposicao_13102020_amaro.odt","data_ultima_atualizacao":"2020-10-13T15:50:35.029896-03:00","ip":"","ultima_edicao":null,"tipo":14,"regime_tramitacao":1,"tipo_origem_externa":null,"local_origem_externa":null,"user":null,"anexadas":[],"autores":[7]}