{"id":3959,"__str__":"XXXXX n\u00ba 7 de 2021","link_detail_backend":"/materia/3959","metadata":{},"numero":7,"ano":2021,"numero_protocolo":10,"data_apresentacao":"2021-03-01","tipo_apresentacao":"","data_publicacao":null,"numero_origem_externa":"","ano_origem_externa":null,"data_origem_externa":null,"apelido":"","dias_prazo":null,"data_fim_prazo":null,"em_tramitacao":true,"polemica":false,"objeto":"","complementar":false,"ementa":"O VEREADOR QUE ESTA SUBSCREVE, REQUER AP\u00d3S OUVIDO PLEN\u00c1RIO, SOLICITAR AO PODER EXECUTIVO, JUNTO A SECRET\u00c1RIA DE OBRAS A PODA DE \u00c1RVORES NO TRECHO EM DIRE\u00c7\u00c3O A VILA PORTO DO CONDE, POIS AS \u00c1RVORES EST\u00c3O FECHANDO AS ESTRADAS E DIFICULTANDO A TRANSI\u00c7\u00c3O DOS CARROS.","indexacao":"","observacao":"","resultado":"","texto_original":"http://sapl.saojeronimo.rs.leg.br/media/sapl/public/materialegislativa/2021/3959/proposicao_01.03.2021_poda_de_arvores.docx","data_ultima_atualizacao":"2021-03-01T15:37:07.924323-03:00","ip":"","ultima_edicao":null,"tipo":14,"regime_tramitacao":1,"tipo_origem_externa":null,"local_origem_externa":null,"user":null,"anexadas":[],"autores":[41,50]}