{"id":3979,"__str__":"XXXXX n\u00ba 9 de 2021","link_detail_backend":"/materia/3979","metadata":{},"numero":9,"ano":2021,"numero_protocolo":12,"data_apresentacao":"2021-03-15","tipo_apresentacao":"","data_publicacao":null,"numero_origem_externa":"","ano_origem_externa":null,"data_origem_externa":null,"apelido":"","dias_prazo":null,"data_fim_prazo":null,"em_tramitacao":true,"polemica":false,"objeto":"","complementar":false,"ementa":"O Vereador que esta subscreve requer, ap\u00f3s ouvido o Plen\u00e1rio,\r\nsolicitar ao Poder Executivo, atrav\u00e9s das Secretarias de Obras e Vigil\u00e2ncia Sanit\u00e1ria,\r\nque realize o processo de desinfec\u00e7\u00e3o das principais vias e cal\u00e7adas do centro do\r\nMunic\u00edpio, bem como de todas as paradas de \u00f4nibus e Rodovi\u00e1ria, atrav\u00e9s da\r\nhigieniza\u00e7\u00e3o, objetivando a esteriliza\u00e7\u00e3o e, consequentemente, a diminui\u00e7\u00e3o do\r\ncont\u00e1gio do COVID-19, sendo estes locais bastante frequentados pela comunidade.\r\nFrisa-se que, em diversos munic\u00edpios do Estado, bem como em munic\u00edpios vizinhos,\r\nj\u00e1 fora tomada tal iniciativa, em parceria com o Corpo de Bombeiros.","indexacao":"","observacao":"","resultado":"","texto_original":null,"data_ultima_atualizacao":"2021-04-16T10:28:41.460014-03:00","ip":"179.108.71.219","ultima_edicao":"2021-04-16T10:28:41.391296-03:00","tipo":14,"regime_tramitacao":1,"tipo_origem_externa":null,"local_origem_externa":null,"user":17,"anexadas":[],"autores":[37]}