{"id":4110,"__str__":"XXXXX n\u00ba 84 de 2021","link_detail_backend":"/materia/4110","metadata":{},"numero":84,"ano":2021,"numero_protocolo":87,"data_apresentacao":"2021-05-24","tipo_apresentacao":"","data_publicacao":null,"numero_origem_externa":"","ano_origem_externa":null,"data_origem_externa":null,"apelido":"","dias_prazo":null,"data_fim_prazo":null,"em_tramitacao":true,"polemica":false,"objeto":"","complementar":false,"ementa":"Os Vereadores que esta subscreve requer ap\u00f3s ouvido Plen\u00e1rio, solicitar ao Pode Executivo,  atrav\u00e9s   da   secretaria  da sa\u00fade  que inclua no plano de vacina\u00e7\u00e3o  de imuniza\u00e7\u00e3o  covid  19   na  lista  de  prioridades     os  frentistas  e  atendentes  do com\u00e9rcio  essencial .   \r\n Justificativa :  Tal solicita\u00e7\u00e3o  se  da\u00b4 porque  os vereadores  foram  procurados  por v\u00e1rios  funcion\u00e1rios  da categoria   e os  mesmos  relataram  que h\u00e1 a inten\u00e7\u00e3o  de  uma  paraliza\u00e7\u00e3o  nos servi\u00e7os  caso  a  classe  n\u00e3o seja  inclusa  na  lista  de  prioridades da vacina\u00e7\u00e3o. \r\n\r\n\r\n                     S\u00c3O JER\u00d4NIMO, 24 DE MAIO DE 2021   \r\n\r\n\r\n\r\n\r\n \r\n\r\n\r\n\r\n VEREADOR JOS\u00c9 HENRIQUE KRUG\r\n                   BANACADA  PTB\r\n\r\n\r\n\r\n        VEREADOR JANDER HERBERLE\r\n                                    BANCADA PTB   \r\n  \r\n\r\n      \r\n\r\n\r\n             VEREADOR  DIOGO LIMA  \r\n                     BANCADA MDB","indexacao":"","observacao":"","resultado":"","texto_original":"http://sapl.saojeronimo.rs.leg.br/media/sapl/public/materialegislativa/2021/4110/proposicao__frentistas_e_atendentes_serem_vacinados_nova_dia_24._05.odt","data_ultima_atualizacao":"2021-05-24T15:20:09.564395-03:00","ip":"","ultima_edicao":null,"tipo":14,"regime_tramitacao":1,"tipo_origem_externa":null,"local_origem_externa":null,"user":null,"anexadas":[],"autores":[46,47,35]}