{"id":4244,"__str__":"XXXXX n\u00ba 153 de 2021","link_detail_backend":"/materia/4244","metadata":{},"numero":153,"ano":2021,"numero_protocolo":156,"data_apresentacao":"2021-08-27","tipo_apresentacao":"","data_publicacao":null,"numero_origem_externa":"","ano_origem_externa":null,"data_origem_externa":null,"apelido":"","dias_prazo":null,"data_fim_prazo":null,"em_tramitacao":true,"polemica":false,"objeto":"","complementar":false,"ementa":"O Vereador que esta subscreve requer ap\u00f3s ouvido Plen\u00e1rio, solicitar  ao Pode Executivo, atrav\u00e9s do \u00f3rg\u00e3o competente \u00e1 estadualiza\u00e7\u00e3o da Estrada Geral intermunicipal que liga Arroio dos Ratos a S\u00e3o Jer\u00f4nimo. \r\n\r\nJustificativa\r\n  Esta solicita\u00e7\u00e3o visa contribuir com o desenvolvimento local, a estrada que liga os dois munic\u00edpios, possui 6 quil\u00f4metros, sob a responsabilidade dos munic\u00edpios, passaria ficar ao comando do  Governo do Estado, podendo ser feita uma rodovia com  infraestrutura o que vai alavancar a economia desta regi\u00e3o.\r\nA melhoria das condi\u00e7\u00f5es da estrada \u00e9 fundamental para o desenvolvimento de ambas as cidades, n\u00e3o apenas no aspecto econ\u00f4mico da regi\u00e3o, como tamb\u00e9m para favorecer o transporte de pacientes e de estudantes.\r\n\r\n            S\u00e3o Jer\u00f4nimo, 30 de Agosto de 2021.","indexacao":"","observacao":"","resultado":"","texto_original":"http://sapl.saojeronimo.rs.leg.br/media/sapl/public/materialegislativa/2021/4244/est._de_ratos.docx","data_ultima_atualizacao":"2021-08-27T17:00:28.507120-03:00","ip":"","ultima_edicao":null,"tipo":14,"regime_tramitacao":1,"tipo_origem_externa":null,"local_origem_externa":null,"user":null,"anexadas":[],"autores":[35]}