{"id":4350,"__str__":"XXXXX n\u00ba 225 de 2021","link_detail_backend":"/materia/4350","metadata":{},"numero":225,"ano":2021,"numero_protocolo":229,"data_apresentacao":"2021-11-16","tipo_apresentacao":"","data_publicacao":null,"numero_origem_externa":"","ano_origem_externa":null,"data_origem_externa":null,"apelido":"","dias_prazo":null,"data_fim_prazo":null,"em_tramitacao":true,"polemica":false,"objeto":"","complementar":false,"ementa":"O Vereador  que esta subscreve, requer ap\u00f3s ouvido Plen\u00e1rio, solicitar ao Poder Executivo, a Secret\u00e1ria do Interior,  coloca\u00e7\u00e3o de placas de velocidade de 30KM pr\u00f3ximo a Escola Eva Alves e oficina Marques. \r\nPois n\u00e3o h\u00e1 sinaliza\u00e7\u00e3o nessa localidade, e ver a possibilidade de coloca\u00e7\u00e3o de quebra molas.","indexacao":"","observacao":"","resultado":"","texto_original":"http://sapl.saojeronimo.rs.leg.br/media/sapl/public/materialegislativa/2021/4350/proposicao_placas_eva_alves.odt","data_ultima_atualizacao":"2021-11-16T14:46:31.896339-03:00","ip":"","ultima_edicao":null,"tipo":14,"regime_tramitacao":1,"tipo_origem_externa":null,"local_origem_externa":null,"user":null,"anexadas":[],"autores":[48]}