{"id":4398,"__str__":"XXXXX n\u00ba 247 de 2021","link_detail_backend":"/materia/4398","metadata":{},"numero":247,"ano":2021,"numero_protocolo":251,"data_apresentacao":"2021-12-13","tipo_apresentacao":"","data_publicacao":null,"numero_origem_externa":"","ano_origem_externa":null,"data_origem_externa":null,"apelido":"","dias_prazo":null,"data_fim_prazo":null,"em_tramitacao":true,"polemica":false,"objeto":"","complementar":false,"ementa":"O Vereador que esta subscreve requer ap\u00f3s ouvido Plen\u00e1rio, solicitar que a Mesa Diretora, realize Sess\u00e3o Solene de  Homenagem e entrega de Certificado de Reconhecimento, com Pastores das Igrejas Evang\u00e9licas e o Padre da Igreja cat\u00f3lica,  pelo excelente trabalho volunt\u00e1rio e social no per\u00edodo de pandemia de Campanha de Alimentos para as fam\u00edlias que encontram-se em vulnerabilidade social.","indexacao":"","observacao":"","resultado":"","texto_original":"http://sapl.saojeronimo.rs.leg.br/media/sapl/public/materialegislativa/2021/4398/proposicao_13.09.2021_sessao_solene_pastores_e_padre.odt","data_ultima_atualizacao":"2021-12-13T14:26:14.463464-03:00","ip":"","ultima_edicao":null,"tipo":14,"regime_tramitacao":1,"tipo_origem_externa":null,"local_origem_externa":null,"user":null,"anexadas":[],"autores":[7]}