{"id":4668,"__str__":"XXXXX n\u00ba 77 de 2022","link_detail_backend":"/materia/4668","metadata":{},"numero":77,"ano":2022,"numero_protocolo":78,"data_apresentacao":"2022-05-30","tipo_apresentacao":"","data_publicacao":null,"numero_origem_externa":"","ano_origem_externa":null,"data_origem_externa":null,"apelido":"","dias_prazo":null,"data_fim_prazo":null,"em_tramitacao":true,"polemica":false,"objeto":"","complementar":false,"ementa":"O Vereador que esta subscreve, requer ap\u00f3s ouvido Plen\u00e1rio, solicitar a mesa diretora, que convide ao Sr. F\u00e1bio Turra Representante da Empresa Expresso Vit\u00f3ria de Transportes Ltda.\r\n\tPara uma sess\u00e3o especial nesta casa legislativa com data e hor\u00e1rio a combinar, para tratar do seguinte assunto:\r\n\tSolicitar a inclus\u00e3o de um hor\u00e1rio na quarta-feira na linha do \u00f4nibus Quit\u00e9ria x S\u00e3o Jer\u00f4nimo. \r\n\t\r\n    Justificativa: Devido ao pouco tempo dispon\u00edvel que os passageiros t\u00eam para realizarem seus compromissos, pois o \u00f4nibus chega \u00e1s 10h30min e retorna \u00e0s 15h. Esses hor\u00e1rios s\u00e3o disponibilizados na segunda-feira e na sexta-feira, o que impossibilita os passageiros de irem embora no dia seguinte.","indexacao":"","observacao":"","resultado":"","texto_original":"http://sapl.saojeronimo.rs.leg.br/media/sapl/public/materialegislativa/2022/4668/proposicao_inclusao_do_horario__onibus_linha_quiteria.docx","data_ultima_atualizacao":"2022-05-30T15:26:41.161669-03:00","ip":"","ultima_edicao":null,"tipo":14,"regime_tramitacao":1,"tipo_origem_externa":null,"local_origem_externa":null,"user":null,"anexadas":[],"autores":[48]}