{"id":4973,"__str__":"XXXXX n\u00ba 200 de 2022","link_detail_backend":"/materia/4973","metadata":{},"numero":200,"ano":2022,"numero_protocolo":201,"data_apresentacao":"2022-12-12","tipo_apresentacao":"","data_publicacao":null,"numero_origem_externa":"","ano_origem_externa":null,"data_origem_externa":null,"apelido":"","dias_prazo":null,"data_fim_prazo":null,"em_tramitacao":true,"polemica":false,"objeto":"","complementar":false,"ementa":"O Vereador que esta subscreve requer ap\u00f3s ouvido Plen\u00e1rio, solicitar ao Poder Executivo, atrav\u00e9s da Secret\u00e1ria de Sa\u00fade a contrata\u00e7\u00e3o de um M\u00e9dico Neuropediatra, para fazer acompanhamento as crian\u00e7as diagnosticadas com Autismo e atender as demais crian\u00e7as quando necess\u00e1rio para evitar que o diagn\u00f3stico tardio comprometa o desenvolvimento das crian\u00e7as.","indexacao":"","observacao":"","resultado":"","texto_original":"http://sapl.saojeronimo.rs.leg.br/media/sapl/public/materialegislativa/2022/4973/proposicao_neuropediatra.docx","data_ultima_atualizacao":"2022-12-12T15:22:31.839600-03:00","ip":"","ultima_edicao":null,"tipo":14,"regime_tramitacao":1,"tipo_origem_externa":null,"local_origem_externa":null,"user":null,"anexadas":[],"autores":[7]}