{"id":6314,"__str__":"Certid\u00e3o Comiss\u00e3o de Justi\u00e7a n\u00ba 76 de 2023","link_detail_backend":"/materia/6314","metadata":{"signs":{"texto_original":{"admin":[],"autores":[["Antonio Paulo Machado",["2023-09-25T11:23:43-03:00","Gov-Br"]]]}}},"numero":76,"ano":2023,"numero_protocolo":null,"data_apresentacao":"2023-09-25","tipo_apresentacao":"E","data_publicacao":null,"numero_origem_externa":"","ano_origem_externa":null,"data_origem_externa":null,"apelido":"","dias_prazo":null,"data_fim_prazo":null,"em_tramitacao":true,"polemica":false,"objeto":"","complementar":false,"ementa":"Certid\u00e3o da Comiss\u00e3o de Justi\u00e7a ao Projeto de Lei n\u00ba 76/2023.","indexacao":"","observacao":"","resultado":"","texto_original":"http://sapl.saojeronimo.rs.leg.br/media/sapl/public/materialegislativa/2023/6314/certidao_projeto_076_assinado.pdf","data_ultima_atualizacao":"2023-09-25T14:01:58.286496-03:00","ip":"179.108.71.219","ultima_edicao":"2023-09-25T13:59:35.117453-03:00","tipo":45,"regime_tramitacao":1,"tipo_origem_externa":null,"local_origem_externa":null,"user":17,"anexadas":[],"autores":[58]}