{"id":6384,"__str__":"XXXXX n\u00ba 174 de 2023","link_detail_backend":"/materia/6384","metadata":{},"numero":174,"ano":2023,"numero_protocolo":188,"data_apresentacao":"2023-10-23","tipo_apresentacao":"","data_publicacao":null,"numero_origem_externa":"","ano_origem_externa":null,"data_origem_externa":null,"apelido":"","dias_prazo":null,"data_fim_prazo":null,"em_tramitacao":true,"polemica":false,"objeto":"","complementar":false,"ementa":"O Vereador que esta subscreve, requer ap\u00f3s ouvido Plen\u00e1rio, solicitar ao poder Executivo, que seja inclu\u00eddo no calend\u00e1rio de Eventos do Mun\u00edcipio a partir do ano 2024, o Evento: Feira Rural, que ocorre sempre no primeiro final de semana do m\u00eas de Mar\u00e7o no Centro de Eventos Rurais e Turismo Naatz de propriedade do Sr. Ozi Naatz, localizado na Quit\u00e9ria.","indexacao":"","observacao":"","resultado":"","texto_original":"http://sapl.saojeronimo.rs.leg.br/media/sapl/public/materialegislativa/2023/6384/proposicao_no21_-_inclusao_evento_ozi_natz_calendario_de_eventos_do_municipio.docx","data_ultima_atualizacao":"2023-10-23T14:10:21.005652-03:00","ip":"","ultima_edicao":null,"tipo":14,"regime_tramitacao":1,"tipo_origem_externa":null,"local_origem_externa":null,"user":null,"anexadas":[],"autores":[48]}