{"id":6594,"__str__":"Certid\u00e3o Comiss\u00e3o de Justi\u00e7a n\u00ba 97 de 2023","link_detail_backend":"/materia/6594","metadata":{"signs":{"texto_original":{"admin":[],"autores":[["Antonio Paulo Machado",["2023-12-26T11:29:59-03:00","Gov-Br"]]]}}},"numero":97,"ano":2023,"numero_protocolo":null,"data_apresentacao":"2023-12-26","tipo_apresentacao":"E","data_publicacao":null,"numero_origem_externa":"","ano_origem_externa":null,"data_origem_externa":null,"apelido":"","dias_prazo":null,"data_fim_prazo":null,"em_tramitacao":true,"polemica":false,"objeto":"","complementar":false,"ementa":"Certid\u00e3o da Comiss\u00e3o de Justi\u00e7a ao Projeto de Lei n\u00ba 97/2023.","indexacao":"","observacao":"","resultado":"","texto_original":"http://sapl.saojeronimo.rs.leg.br/media/sapl/public/materialegislativa/2023/6594/certidao_projeto_097_assinado.pdf","data_ultima_atualizacao":"2023-12-26T14:50:43.435593-03:00","ip":"179.108.71.219","ultima_edicao":"2023-12-26T14:49:31.380969-03:00","tipo":45,"regime_tramitacao":1,"tipo_origem_externa":null,"local_origem_externa":null,"user":17,"anexadas":[],"autores":[58]}