{"id":7238,"__str__":"XXXXX n\u00ba 36 de 2024","link_detail_backend":"/materia/7238","metadata":{},"numero":36,"ano":2024,"numero_protocolo":40,"data_apresentacao":"2024-04-22","tipo_apresentacao":"","data_publicacao":null,"numero_origem_externa":"","ano_origem_externa":null,"data_origem_externa":null,"apelido":"","dias_prazo":null,"data_fim_prazo":null,"em_tramitacao":true,"polemica":false,"objeto":"","complementar":false,"ementa":"O Vereador que esta subscreve, requer ap\u00f3s ouvido Plen\u00e1rio, solicitar ao Poder Executivo, junto \u00e1s secretarias competentes, para que seja instalada ilumina\u00e7\u00e3o nas pracinhas dos Bairros Porto do Conde, Carvoeira e bandeira Branca, tamb\u00e9m que seja feita a limpeza dos terrenos onde essas est\u00e3o instaladas. Na oportunidade tamb\u00e9m solicito a possibilidade de colocar bancos ao redor dos terrenos, para assim os familiares ter um ambiente prop\u00edcio para acompanhar as crian\u00e7as.","indexacao":"","observacao":"","resultado":"","texto_original":"http://sapl.saojeronimo.rs.leg.br/media/sapl/public/materialegislativa/2024/7238/iluminacao_pracinhas.docx","data_ultima_atualizacao":"2024-04-22T13:55:26.833275-03:00","ip":"","ultima_edicao":null,"tipo":14,"regime_tramitacao":1,"tipo_origem_externa":null,"local_origem_externa":null,"user":null,"anexadas":[],"autores":[50]}